{"id":33868,"date":"2021-11-09T13:59:51","date_gmt":"2021-11-09T12:59:51","guid":{"rendered":"https:\/\/www.pvoe-weissenbach.at\/?p=33868"},"modified":"2022-09-19T20:04:16","modified_gmt":"2022-09-19T18:04:16","slug":"absage-weihnachtsfeier","status":"publish","type":"post","link":"https:\/\/www.pvoe-weissenbach.at\/?p=33868","title":{"rendered":"Absage Weihnachtsfeier"},"content":{"rendered":"<p><strong>Liebe Freundinnen, liebe Freunde, <\/strong><\/p>\n<p>wie vermutlich fast alle von uns haben auch wir im Laufe des Sommers gedacht, bei dieser Pandemie sei nun das \u00c4rgste \u00fcberstanden. Wie man sich doch t\u00e4uschen kann . . . .<\/p>\n<p>Nicht nur in ganz \u00d6sterreich schnellen die Infektionszahlen erschreckend und explosionsartig in die H\u00f6he, sondern vor allem in UNSEREM Bezirk Reutte ist die Entwicklung besonders besorgniserregend! Zwar sind viele von unserer Generation bereits geimpft. Aber die Impfrate ist mit knapp \u00fcber 60% immer noch <strong>viel zu niedrig.<\/strong> Und was jetzt noch dazu kommt: Bei vielen \u00c4lteren, die bereits sehr fr\u00fch (Februar, M\u00e4rz) die Grundimmunisierung erhalten haben, w\u00e4re jetzt der 3. Stich zur Auffrischung und Verst\u00e4rkung unbedingt notwendig!<\/p>\n<p>Aus diesem Grund sehen wir uns vom Vorstand der Ortsgruppe Wei\u00dfenbach am Lech leider gezwungen, einige Veranstaltungen in der n\u00e4chsten Zeit, die bereits zum Gro\u00dfteil fertig geplant und organisiert waren, abzusagen. Dazu z\u00e4hlen vor allem die f\u00fcr 10. Dezember im \u201eTalhof\u201c geplante Weihnachtsfeier und die f\u00fcr J\u00e4nner geplante Jahreshauptversammlung mit \u201eR\u00fcckblick und Vorschau\u201c.<\/p>\n<p>Abgesehen davon, dass wir bereits viel Zeit und Arbeit daf\u00fcr aufgewendet haben, tut es uns ganz besonders Leid, dass wir wieder eine M\u00f6glichkeit weniger haben, uns mit euch allen gem\u00fctlich zusammen zu setzen, zu plaudern, uns auszutauschen! Aber lasst uns euch eines versichern: Es geht uns ausschlie\u00dflich um eure und unsere Sicherheit! <strong>Wir k\u00f6nnen und d\u00fcrfen das Risiko nicht eingehen, leichtfertig eine gro\u00dfe Gefahr f\u00fcr eure und unsere Gesundheit einzugehen!<\/strong><\/p>\n<p>Und noch etwas: Jede und jeder von euch kann und muss die Entscheidung f\u00fcr ihre\/seine Vorsorge selbst treffen. Aber wenn man den Experten aus den Gesundheitsbereich Glauben schenken darf \u2013 und WIR tun das! \u2013 dann w\u00e4ren wir mit einer um nur 10% h\u00f6heren Durchimpfungsrate vor diesen derzeitigen Problemen verschont geblieben! Wir vom Vorstand jedenfalls sind \u00fcberzeugt, dass die <strong>Impfung \u2013 und hier f\u00fcr fast alle von uns der dritte Stich \u2013 die bestm\u00f6gliche Vorsorge gegen diese Gefahr darstellt! <\/strong><\/p>\n<p><strong>Ausblick<br \/>\n<\/strong>Trotz all dieser Probleme sind wir aber bereits voll in den Planungen f\u00fcr das kommende Jahr. Hier nur einige Fixpunke (neben Tagesausfl\u00fcgen, Fallerschein u.\u00e4,) :<\/p>\n<p><strong>April:<\/strong>&nbsp; &nbsp; &nbsp; &nbsp; &nbsp; &nbsp; &nbsp;Gro\u00dfe 60-Jahr-Feier unserer Ortsgruppe mit Buntem Abend und Ehrungen zahlreicher Mitglieder<\/p>\n<p><strong>Juni:<\/strong>&nbsp; &nbsp; &nbsp; &nbsp; &nbsp; &nbsp; &nbsp;Wienfahrt<\/p>\n<p><strong>September:<\/strong>&nbsp; Radwoche in Radenci<\/p>\n<p>Sobald es die Verh\u00e4ltnisse wieder zulassen, werden wir euch \u00fcber die genauen Einzelheiten unserer geplanten Veranstaltungen informieren!<\/p>\n<p>Alles Gute f\u00fcr euch und bleibt gesund!<br \/>\n<strong>Karl-Heinz mit dem gesamten Vorstand<\/strong><\/p>\n<h3>Related Images:<\/h3>","protected":false},"excerpt":{"rendered":"<p>Liebe Freundinnen, liebe Freunde, wie vermutlich fast alle von uns haben auch wir im Laufe des Sommers gedacht, bei dieser Pandemie sei nun das \u00c4rgste \u00fcberstanden. Wie man sich doch t\u00e4uschen kann . . . . Nicht nur in ganz \u00d6sterreich schnellen die Infektionszahlen erschreckend und explosionsartig in die H\u00f6he, sondern vor allem in UNSEREM [&hellip;]<\/p>\n","protected":false},"author":1,"featured_media":0,"comment_status":"closed","ping_status":"closed","sticky":false,"template":"","format":"standard","meta":{"ngg_post_thumbnail":0,"footnotes":""},"categories":[38,4],"tags":[],"class_list":["post-33868","post","type-post","status-publish","format-standard","hentry","category-38","category-rueckblick"],"amp_enabled":true,"_links":{"self":[{"href":"https:\/\/www.pvoe-weissenbach.at\/index.php?rest_route=\/wp\/v2\/posts\/33868","targetHints":{"allow":["GET"]}}],"collection":[{"href":"https:\/\/www.pvoe-weissenbach.at\/index.php?rest_route=\/wp\/v2\/posts"}],"about":[{"href":"https:\/\/www.pvoe-weissenbach.at\/index.php?rest_route=\/wp\/v2\/types\/post"}],"author":[{"embeddable":true,"href":"https:\/\/www.pvoe-weissenbach.at\/index.php?rest_route=\/wp\/v2\/users\/1"}],"replies":[{"embeddable":true,"href":"https:\/\/www.pvoe-weissenbach.at\/index.php?rest_route=%2Fwp%2Fv2%2Fcomments&post=33868"}],"version-history":[{"count":5,"href":"https:\/\/www.pvoe-weissenbach.at\/index.php?rest_route=\/wp\/v2\/posts\/33868\/revisions"}],"predecessor-version":[{"id":33873,"href":"https:\/\/www.pvoe-weissenbach.at\/index.php?rest_route=\/wp\/v2\/posts\/33868\/revisions\/33873"}],"wp:attachment":[{"href":"https:\/\/www.pvoe-weissenbach.at\/index.php?rest_route=%2Fwp%2Fv2%2Fmedia&parent=33868"}],"wp:term":[{"taxonomy":"category","embeddable":true,"href":"https:\/\/www.pvoe-weissenbach.at\/index.php?rest_route=%2Fwp%2Fv2%2Fcategories&post=33868"},{"taxonomy":"post_tag","embeddable":true,"href":"https:\/\/www.pvoe-weissenbach.at\/index.php?rest_route=%2Fwp%2Fv2%2Ftags&post=33868"}],"curies":[{"name":"wp","href":"https:\/\/api.w.org\/{rel}","templated":true}]}}