{"id":33684,"date":"2021-10-24T11:14:15","date_gmt":"2021-10-24T09:14:15","guid":{"rendered":"https:\/\/www.pvoe-weissenbach.at\/?p=33684"},"modified":"2021-10-24T11:14:15","modified_gmt":"2021-10-24T09:14:15","slug":"oesterreich-radelt-weissenbach-am-lech-bei-den-siegern","status":"publish","type":"post","link":"https:\/\/www.pvoe-weissenbach.at\/?p=33684","title":{"rendered":"&#8222;\u00d6sterreich radelt&#8220;: Wei\u00dfenbach am Lech bei den Siegern!"},"content":{"rendered":"<div id=\"attachment_33866\" style=\"width: 513px\" class=\"wp-caption alignnone\"><img loading=\"lazy\" decoding=\"async\" aria-describedby=\"caption-attachment-33866\" class=\" wp-image-33866\" src=\"https:\/\/www.pvoe-weissenbach.at\/wp-content\/uploads\/2021\/10\/18_20211018_K-300x200.jpg\" alt=\"\" width=\"503\" height=\"335\" srcset=\"https:\/\/www.pvoe-weissenbach.at\/wp-content\/uploads\/2021\/10\/18_20211018_K-300x200.jpg 300w, https:\/\/www.pvoe-weissenbach.at\/wp-content\/uploads\/2021\/10\/18_20211018_K-1024x683.jpg 1024w, https:\/\/www.pvoe-weissenbach.at\/wp-content\/uploads\/2021\/10\/18_20211018_K-768x512.jpg 768w, https:\/\/www.pvoe-weissenbach.at\/wp-content\/uploads\/2021\/10\/18_20211018_K-1536x1024.jpg 1536w, https:\/\/www.pvoe-weissenbach.at\/wp-content\/uploads\/2021\/10\/18_20211018_K-2048x1366.jpg 2048w\" sizes=\"auto, (max-width: 503px) 100vw, 503px\" \/><p id=\"caption-attachment-33866\" class=\"wp-caption-text\">Bundessieger &#8222;Gemeinden mit weniger als 5.000 Einwohner:innen&#8220;<br \/>Im Bild: Josef Grimm und Lydia Grimm (Gemeinde St. Jakob in Defereggen, 2.Platz), Karl-Heinz Pohler und Christa Pohler (Gemeinde Wei\u00dfbach am Lech, 3.Platz), B\u00fcrgermeister Josef Raich und Heiner Jentsch (Gemeinde Kaunertal, 4.Platz), Klimaschutzministerin Leonore Gewessler, Alfred Riedl (Pr\u00e4sident Gemeindebund), Stephan Auer-St\u00fcger (St\u00e4dtebund)<\/p><\/div>\n<p>Mit tollen Sonderpreisen bedankt sich Bundesministerin Leonore Gewessler bei den besten Gemeinden, Betrieben und Vereinen, die heuer bei der Aktion \u201e\u00d6sterreich radelt\u201c mitgemacht haben. Das Bundesministerium f\u00fcr Klimaschutz, Umwelt, Energie, Mobilit\u00e4t, Innovation und Technologie (BMK) stellt Radabstellanlagen f\u00fcr Gemeinden und Fahrradfeste f\u00fcr Vereine zur Verf\u00fcgung.<\/p>\n<p>2021 waren 650 Betriebe, 520 Gemeinden, 250 Vereine und 110 Schulen als Veranstalter beteiligt. Grundlage der Gewinnermittlung der Allerbesten ist der Anteil der aktiven TeilnehmerInnen in Relation zur Gesamtzahl der EinwohnerInnen, Vereinsmitgliedern und Sch\u00fclerInnen.<\/p>\n<p><strong>In der Kategorie bis 5.000 EinwohnerInnen erzielte die Gemeinde Wei\u00dfenbach am Lech tirolweit das zweitbeste, \u00f6sterreichweit das drittbeste Ergebnis.<\/strong><\/p>\n<p>Bundesehrung durch Ministerin Leonore Gewessler<\/p>\n<p>Die aktivsten Vereine, Gemeinden, Betriebe und Schulen sowie der Gewinner des Hauptpreises werden eingeladen bei der gro\u00dfen \u00d6sterreich radelt Auszeichnungsveranstaltung am 18.10. in Wien teilzunehmen und ihre Urkunde pers\u00f6nlich von Bundesministerin Leonore Gewessler entgegenzunehmen. F\u00fcr die Gemeinde Wei\u00dfenbach am Lech durften stellvertretend &#8211; auch f\u00fcr die ma\u00dfgeblich am Erfolg mit beteiligten Mitglieder des Pensionistenverbandes \u00d6sterreichs PV\u00d6 <strong>\u2013 Christa und Karl-Heinz Pohler<\/strong> in Wien die Urkunde \u00fcbernehmen. Ein Dank gilt auch der Organisatorin in Wei\u00dfenbach, <strong>Frau Jutta Arzl.<\/strong><\/p>\n<p>Einige weitere Wei\u00dfenbacher bzw. f\u00fcr Wei\u00dfenbach fahrende Teilnehmer erhielten sch\u00f6ne Sachpreise.<\/p>\n<p><strong>Diese Auszeichnungen sollen vor allem auch als Motivation f\u00fcr die Teilnahme an diesem Bewerb im kommenden Jahr 2022 dienen!<\/strong><\/p>\nngg_shortcode_0_placeholder\n<p>Einige Impressionen aus Wien: Innenstadt &#8211; Stephansplatz &#8211; Prater mit Madame Tusseaud\u00b4s &#8211; Gegend um das Hotel &#8222;Kaiserwasser&#8220; (unser Hotel f\u00fcr den Wien-Ausflug 2021) &#8211; Uno-City . . .<\/p>\nngg_shortcode_1_placeholder\n<h3>Related Images:<\/h3>","protected":false},"excerpt":{"rendered":"<p>Mit tollen Sonderpreisen bedankt sich Bundesministerin Leonore Gewessler bei den besten Gemeinden, Betrieben und Vereinen, die heuer bei der Aktion \u201e\u00d6sterreich radelt\u201c mitgemacht haben. Das Bundesministerium f\u00fcr Klimaschutz, Umwelt, Energie, Mobilit\u00e4t, Innovation und Technologie (BMK) stellt Radabstellanlagen f\u00fcr Gemeinden und Fahrradfeste f\u00fcr Vereine zur Verf\u00fcgung. 2021 waren 650 Betriebe, 520 Gemeinden, 250 Vereine und 110 [&hellip;]<\/p>\n","protected":false},"author":1,"featured_media":0,"comment_status":"closed","ping_status":"closed","sticky":false,"template":"","format":"standard","meta":{"ngg_post_thumbnail":0,"footnotes":""},"categories":[38,4],"tags":[],"class_list":["post-33684","post","type-post","status-publish","format-standard","hentry","category-38","category-rueckblick"],"amp_enabled":true,"_links":{"self":[{"href":"https:\/\/www.pvoe-weissenbach.at\/index.php?rest_route=\/wp\/v2\/posts\/33684","targetHints":{"allow":["GET"]}}],"collection":[{"href":"https:\/\/www.pvoe-weissenbach.at\/index.php?rest_route=\/wp\/v2\/posts"}],"about":[{"href":"https:\/\/www.pvoe-weissenbach.at\/index.php?rest_route=\/wp\/v2\/types\/post"}],"author":[{"embeddable":true,"href":"https:\/\/www.pvoe-weissenbach.at\/index.php?rest_route=\/wp\/v2\/users\/1"}],"replies":[{"embeddable":true,"href":"https:\/\/www.pvoe-weissenbach.at\/index.php?rest_route=%2Fwp%2Fv2%2Fcomments&post=33684"}],"version-history":[{"count":7,"href":"https:\/\/www.pvoe-weissenbach.at\/index.php?rest_route=\/wp\/v2\/posts\/33684\/revisions"}],"predecessor-version":[{"id":33867,"href":"https:\/\/www.pvoe-weissenbach.at\/index.php?rest_route=\/wp\/v2\/posts\/33684\/revisions\/33867"}],"wp:attachment":[{"href":"https:\/\/www.pvoe-weissenbach.at\/index.php?rest_route=%2Fwp%2Fv2%2Fmedia&parent=33684"}],"wp:term":[{"taxonomy":"category","embeddable":true,"href":"https:\/\/www.pvoe-weissenbach.at\/index.php?rest_route=%2Fwp%2Fv2%2Fcategories&post=33684"},{"taxonomy":"post_tag","embeddable":true,"href":"https:\/\/www.pvoe-weissenbach.at\/index.php?rest_route=%2Fwp%2Fv2%2Ftags&post=33684"}],"curies":[{"name":"wp","href":"https:\/\/api.w.org\/{rel}","templated":true}]}}