{"id":13472,"date":"2020-01-28T14:34:28","date_gmt":"2020-01-28T13:34:28","guid":{"rendered":"http:\/\/www.pvoe-weissenbach.at\/?p=13472"},"modified":"2021-07-11T09:53:35","modified_gmt":"2021-07-11T07:53:35","slug":"jahresprogramm-2020","status":"publish","type":"post","link":"https:\/\/www.pvoe-weissenbach.at\/?p=13472","title":{"rendered":"Jahresprogramm 2020"},"content":{"rendered":"<p><img loading=\"lazy\" decoding=\"async\" class=\"alignleft wp-image-13473\" src=\"https:\/\/www.pvoe-weissenbach.at\/wp-content\/uploads\/2020\/01\/Jahresprogramm-2020_1-300x204.jpg\" alt=\"\" width=\"866\" height=\"588\" srcset=\"https:\/\/www.pvoe-weissenbach.at\/wp-content\/uploads\/2020\/01\/Jahresprogramm-2020_1-300x204.jpg 300w, https:\/\/www.pvoe-weissenbach.at\/wp-content\/uploads\/2020\/01\/Jahresprogramm-2020_1-1024x696.jpg 1024w, https:\/\/www.pvoe-weissenbach.at\/wp-content\/uploads\/2020\/01\/Jahresprogramm-2020_1-768x522.jpg 768w, https:\/\/www.pvoe-weissenbach.at\/wp-content\/uploads\/2020\/01\/Jahresprogramm-2020_1-1536x1044.jpg 1536w, https:\/\/www.pvoe-weissenbach.at\/wp-content\/uploads\/2020\/01\/Jahresprogramm-2020_1-2048x1392.jpg 2048w\" sizes=\"auto, (max-width: 866px) 100vw, 866px\" \/><\/p>\n<p>&nbsp;<\/p>\n<p>&nbsp;<\/p>\n<p>&nbsp;<\/p>\n<p>&nbsp;<\/p>\n<p>&nbsp;<\/p>\n<p>&nbsp;<\/p>\n<p>&nbsp;<\/p>\n<p>&nbsp;<\/p>\n<table style=\"width: 97.06%; height: 1464px;\" width=\"615\">\n<tbody>\n<tr style=\"height: 24px;\">\n<td style=\"width: 12.35%; height: 24px; vertical-align: top;\" width=\"119\">\n<h5>Monat<\/h5>\n<\/td>\n<td style=\"width: 59.09%; height: 24px; vertical-align: top;\" colspan=\"2\" width=\"496\">\n<h5><strong>Veranstaltungen 2020 OG Wei\u00dfenbach<\/strong><\/h5>\n<h4><span style=\"color: #ff0000;\"><em>Leider mussten ALLE rot markierten und bereits fertig organisierten Unternehmungen wegen Covid19-Ma\u00dfnahmen ABGESAGT werden! Wir werden versuchen, einige davon im kommenden Jahr nachzuholen.<\/em><\/span><\/h4>\n<\/td>\n<\/tr>\n<tr style=\"height: 72px;\">\n<td style=\"width: 12.35%; height: 72px; vertical-align: top;\" width=\"119\">\n<h5><strong>J\u00e4nner<\/strong><\/h5>\n<\/td>\n<td style=\"width: 27.13%; height: 72px; vertical-align: top;\" width=\"182\">\n<h5>Donnerstag, 23.01.&nbsp;15:00 Uhr Cafe Dobler&nbsp;&nbsp;<\/h5>\n<\/td>\n<td style=\"width: 31.96%; height: 72px; vertical-align: top;\" width=\"315\">\n<h5>Jahreshauptversammlung, R\u00fcckblick 2019 mit Bildern und Vorschau 2020<\/h5>\n<\/td>\n<\/tr>\n<tr style=\"height: 72px;\">\n<td style=\"width: 12.35%; height: 72px; vertical-align: top;\" width=\"119\">\n<h5><strong>Februar<\/strong><\/h5>\n<\/td>\n<td style=\"width: 27.13%; height: 72px; vertical-align: top;\" width=\"182\">\n<h5>Rosenmontag, 24.02.&nbsp; 14:00 Uhr Lechtalst\u00fcberl<\/h5>\n<\/td>\n<td style=\"width: 31.96%; height: 72px; vertical-align: top;\" width=\"315\">\n<h5>Fasching mit Musik<\/h5>\n<\/td>\n<\/tr>\n<tr style=\"height: 24px;\">\n<td style=\"width: 12.35%; height: 24px; vertical-align: top;\" width=\"119\">\n<h5><strong>M\u00e4rz<\/strong><\/h5>\n<\/td>\n<td style=\"width: 27.13%; height: 24px; vertical-align: top;\" width=\"182\">&nbsp;<\/td>\n<td style=\"width: 31.96%; height: 24px; vertical-align: top;\" width=\"315\">&nbsp;<\/td>\n<\/tr>\n<tr style=\"height: 360px;\">\n<td style=\"width: 12.35%; height: 360px; vertical-align: top;\" width=\"119\">\n<h5><span style=\"color: #ff0000;\"><em>April<\/em><\/span><\/h5>\n<\/td>\n<td style=\"width: 27.13%; height: 360px; vertical-align: top;\" width=\"182\">\n<h5><span style=\"color: #ff0000;\"><em>Donnerstag, 02.04. 14:00 Uhr Cafe Dobler&nbsp;&nbsp;&nbsp;&nbsp;&nbsp;<\/em><\/span><\/h5>\n<h5>&nbsp;<\/h5>\n<h5><span style=\"color: #ff0000;\"><em>4-Tagesfahrt 27. \u2013 30.04.&nbsp;<\/em><\/span><\/h5>\n<h1 style=\"text-align: center;\">&nbsp;<\/h1>\n<\/td>\n<td style=\"width: 31.96%; height: 360px; vertical-align: top;\" width=\"315\">\n<h5><span style=\"color: #ff0000;\"><em>Musig \u2013 Huangart<\/em><\/span><\/h5>\n<h5>&nbsp;<\/h5>\n<h5><span style=\"color: #ff0000;\"><em>Fr\u00fchling in Wien \u2013 UNO-City, Donauinsel und \u2013City-Tower, Kahlenberg, Umrundung der Innenstadt, Ringstra\u00dfe, Kai, Hofburg, Spezialf\u00fchrung Stephansdom, Prater, Schweizer Haus, Museumsbesuch, Heuriger u.v.m. &nbsp; &nbsp; &#x2665;<\/em><\/span><\/h5>\n<\/td>\n<\/tr>\n<tr style=\"height: 72px;\">\n<td style=\"width: 12.35%; height: 72px; vertical-align: top;\" width=\"119\">\n<h5><span style=\"color: #ff0000;\"><em>Mai<\/em><\/span><\/h5>\n<\/td>\n<td style=\"width: 27.13%; height: 72px; vertical-align: top;\" width=\"182\">\n<h5><span style=\"color: #ff0000;\"><em>16. \u2013 23.05.<\/em><\/span><\/h5>\n<\/td>\n<td style=\"width: 31.96%; height: 72px; vertical-align: top;\" width=\"315\">\n<h5><span style=\"color: #ff0000;\"><em>Fr\u00fchjahrstreffen Costa de la Luz, Spanien (Turnus Au\u00dferfern) &nbsp; &nbsp; &#x2665;<\/em><\/span><\/h5>\n<\/td>\n<\/tr>\n<tr style=\"height: 120px;\">\n<td style=\"width: 12.35%; height: 120px; vertical-align: top;\" width=\"119\">\n<h5><span style=\"color: #ff0000;\"><em>Juni<\/em><\/span><\/h5>\n<\/td>\n<td style=\"width: 27.13%; height: 120px; vertical-align: top;\" width=\"182\">\n<h5><span style=\"color: #ff0000;\"><em>Donnerstag, 18.06.<\/em><\/span><\/h5>\n<\/td>\n<td style=\"width: 31.96%; height: 120px; vertical-align: top;\" width=\"315\">\n<h5><span style=\"color: #ff0000;\"><em>Tagesfahrt \u201eGlas und Kristall\u201c Schauglas-bl\u00e4serei Kisslinger in Rattenberg Swarovski &#8211; Kristallwelt Wattens 25-Jahr-Jubil\u00e4um &nbsp;&nbsp; &#x2665;<\/em><\/span><\/h5>\n<\/td>\n<\/tr>\n<tr style=\"height: 24px;\">\n<td style=\"width: 12.35%; height: 24px; vertical-align: top;\" width=\"119\">\n<h5>Juli<\/h5>\n<\/td>\n<td style=\"width: 27.13%; height: 24px; vertical-align: top;\" width=\"182\">\n<h5>Je nach Wetter<\/h5>\n<\/td>\n<td style=\"width: 31.96%; height: 24px; vertical-align: top;\" width=\"315\">\n<h5>Wanderung Fallerschein<\/h5>\n<\/td>\n<\/tr>\n<tr style=\"height: 24px;\">\n<td style=\"width: 12.35%; height: 24px; vertical-align: top;\" width=\"119\">\n<h5>August<\/h5>\n<\/td>\n<td style=\"width: 27.13%; height: 24px; vertical-align: top;\" width=\"182\">\n<h5>Je nach Wetter<\/h5>\n<\/td>\n<td style=\"width: 31.96%; height: 24px; vertical-align: top;\" width=\"315\">\n<h5>Wanderung Schneetalalm<\/h5>\n<\/td>\n<\/tr>\n<tr style=\"height: 48px;\">\n<td style=\"width: 12.35%; height: 48px; vertical-align: top;\" width=\"119\">\n<h5><span style=\"color: #ff0000;\"><em>September<\/em><\/span><\/h5>\n<\/td>\n<td style=\"width: 27.13%; height: 48px; vertical-align: top;\" width=\"182\">\n<h5 style=\"text-align: left;\"><span style=\"color: #ff0000;\"><em>13.9. &#8211; 19.09.<\/em><\/span><\/h5>\n<\/td>\n<td style=\"width: 31.96%; height: 48px; vertical-align: top;\" width=\"315\">\n<h5><span style=\"color: #ff0000;\"><em>Radwoche Bled, Slowenien (Turnus Au\u00dferfern) &nbsp; &nbsp;&nbsp; &#x2665;&nbsp;<\/em><\/span><\/h5>\n<\/td>\n<\/tr>\n<tr style=\"height: 72px;\">\n<td style=\"width: 12.35%; height: 72px; vertical-align: top;\" width=\"119\">\n<h5>Oktober<\/h5>\n<\/td>\n<td style=\"width: 27.13%; height: 72px; vertical-align: top;\" width=\"182\">\n<h5>Je nach Wetter<\/h5>\n<\/td>\n<td style=\"width: 31.96%; height: 72px; vertical-align: top;\" width=\"315\">\n<h5>Wanderung Ruine Ehrenberg (Alternative: Schr\u00e4glift) mit F\u00fchrung&nbsp; &#x2665;<\/h5>\n<\/td>\n<\/tr>\n<tr style=\"height: 72px;\">\n<td style=\"width: 12.35%; height: 72px; vertical-align: top;\" width=\"119\">\n<h5><span style=\"color: #ff0000;\"><em>November<\/em><\/span><\/h5>\n<\/td>\n<td style=\"width: 27.13%; height: 72px; vertical-align: top;\" width=\"182\">\n<h5><span style=\"color: #ff0000;\"><em>Freitag, 27.11.<\/em><\/span><\/h5>\n<h1 style=\"text-align: center;\">&nbsp;<\/h1>\n<\/td>\n<td style=\"width: 31.96%; height: 72px; vertical-align: top;\" width=\"315\">\n<h5><span style=\"color: #ff0000;\"><em>Tagesfahrt Augsburg \u201eFuggerei\u201c, anschl. Besuch Christkindlmarkt &nbsp; &nbsp;&nbsp; &#x2665;<\/em><\/span><\/h5>\n<\/td>\n<\/tr>\n<tr style=\"height: 48px;\">\n<td style=\"width: 12.35%; height: 48px;\" width=\"119\">\n<h5><span style=\"color: #ff0000;\"><em>Dezember<\/em><\/span><\/h5>\n<\/td>\n<td style=\"width: 27.13%; height: 48px;\" width=\"182\">\n<h5><span style=\"color: #ff0000;\"><em>Freitag, 11.12.&nbsp;&nbsp; 14:00 Uhr Talhof W\u00e4ngle<\/em><\/span><\/h5>\n<\/td>\n<td style=\"width: 31.96%; height: 48px;\" width=\"315\">\n<h5><span style=\"color: #ff0000;\"><em>Weihnachtsfeier mit Ehrungen<\/em><\/span><\/h5>\n<\/td>\n<\/tr>\n<tr style=\"height: 48px;\">\n<td style=\"width: 71.44%; height: 48px;\" colspan=\"3\" width=\"615\">\n<h5>\u00c4nderungen vorbehalten. Detaillierte Einladungen erfolgen zeitnah.<\/h5>\n<\/td>\n<\/tr>\n<tr style=\"height: 384px;\">\n<td style=\"width: 71.44%; height: 384px;\" colspan=\"3\" width=\"615\">&nbsp;<\/td>\n<\/tr>\n<\/tbody>\n<\/table>\n<p>&nbsp;<\/p>\n<p>&nbsp;<\/p>\n<h3>Related Images:<\/h3>","protected":false},"excerpt":{"rendered":"<p>&nbsp; &nbsp; &nbsp; &nbsp; &nbsp; &nbsp; &nbsp; &nbsp; Monat Veranstaltungen 2020 OG Wei\u00dfenbach Leider mussten ALLE rot markierten und bereits fertig organisierten Unternehmungen wegen Covid19-Ma\u00dfnahmen ABGESAGT werden! Wir werden versuchen, einige davon im kommenden Jahr nachzuholen. J\u00e4nner Donnerstag, 23.01.&nbsp;15:00 Uhr Cafe Dobler&nbsp;&nbsp; Jahreshauptversammlung, R\u00fcckblick 2019 mit Bildern und Vorschau 2020 Februar Rosenmontag, 24.02.&nbsp; 14:00 Uhr [&hellip;]<\/p>\n","protected":false},"author":1,"featured_media":0,"comment_status":"closed","ping_status":"closed","sticky":false,"template":"","format":"standard","meta":{"ngg_post_thumbnail":0,"footnotes":""},"categories":[26,4],"tags":[],"class_list":["post-13472","post","type-post","status-publish","format-standard","hentry","category-26","category-rueckblick"],"amp_enabled":true,"_links":{"self":[{"href":"https:\/\/www.pvoe-weissenbach.at\/index.php?rest_route=\/wp\/v2\/posts\/13472","targetHints":{"allow":["GET"]}}],"collection":[{"href":"https:\/\/www.pvoe-weissenbach.at\/index.php?rest_route=\/wp\/v2\/posts"}],"about":[{"href":"https:\/\/www.pvoe-weissenbach.at\/index.php?rest_route=\/wp\/v2\/types\/post"}],"author":[{"embeddable":true,"href":"https:\/\/www.pvoe-weissenbach.at\/index.php?rest_route=\/wp\/v2\/users\/1"}],"replies":[{"embeddable":true,"href":"https:\/\/www.pvoe-weissenbach.at\/index.php?rest_route=%2Fwp%2Fv2%2Fcomments&post=13472"}],"version-history":[{"count":10,"href":"https:\/\/www.pvoe-weissenbach.at\/index.php?rest_route=\/wp\/v2\/posts\/13472\/revisions"}],"predecessor-version":[{"id":19332,"href":"https:\/\/www.pvoe-weissenbach.at\/index.php?rest_route=\/wp\/v2\/posts\/13472\/revisions\/19332"}],"wp:attachment":[{"href":"https:\/\/www.pvoe-weissenbach.at\/index.php?rest_route=%2Fwp%2Fv2%2Fmedia&parent=13472"}],"wp:term":[{"taxonomy":"category","embeddable":true,"href":"https:\/\/www.pvoe-weissenbach.at\/index.php?rest_route=%2Fwp%2Fv2%2Fcategories&post=13472"},{"taxonomy":"post_tag","embeddable":true,"href":"https:\/\/www.pvoe-weissenbach.at\/index.php?rest_route=%2Fwp%2Fv2%2Ftags&post=13472"}],"curies":[{"name":"wp","href":"https:\/\/api.w.org\/{rel}","templated":true}]}}